{"id":816,"date":"2015-08-17T18:07:09","date_gmt":"2015-08-17T15:07:09","guid":{"rendered":"https:\/\/hotellit.fi\/blogi\/?p=816"},"modified":"2017-11-23T23:44:58","modified_gmt":"2017-11-23T20:44:58","slug":"edullinen-luksusluokan-hotelli-barcelonassa","status":"publish","type":"post","link":"https:\/\/hotellit.fi\/blogi\/edullinen-luksusluokan-hotelli-barcelonassa\/","title":{"rendered":"Edullinen luksusluokan hotelli Barcelonassa"},"content":{"rendered":"<p>Kes\u00e4lomamatkamme suuntautui hein\u00e4kuussa Etel\u00e4-Espanjaan. Matkalla Costa del Solille pys\u00e4hdyimme y\u00f6ksi Barcelonaan. L\u00f6ysimme viime hetken majapaikaksemme upean hotellin, nimelt\u00e4\u00e4n\u00a0<a href=\"http:\/\/goo.gl\/vxAC00\" target=\"_blank\"><em>Renaissance Barcelona Fira\u00a0Hotel<\/em><\/a>. Hotelli sijaitsee rauhallisella\u00a0<em>Pla\u00e7a d&#8217;Europan<\/em> alueella, ei siis aivan ydinkeskustan hulinassa, mutta hyvien kulkuyhteyksien p\u00e4\u00e4ss\u00e4 kaikkialta. Hotellissa on monia kiinnostavia yksityiskohtia: erikoinen design, valkoiset modernit huoneet ja rakennuksessa\u00a0ei ole mm. yht\u00e4\u00e4n n\u00e4kyv\u00e4\u00e4\u00a0ovenkahvaa. Mahtavat n\u00e4k\u00f6alahissit viev\u00e4t kattoterassin uima-allasosastolle, josta on uskomattomat n\u00e4kym\u00e4t 110 metrin korkeudesta. Viime hetken hinta huonetta kohti oli vain noin 140 euroa! Tuolla hinnalla ei Barcelonan keskustasta yleens\u00e4 l\u00f6ydy tasokasta viiden\u00a0t\u00e4hden hotellihuonetta ja keskustan edulliset hotellit ovat yleens\u00e4 vaatimattomampia. T\u00e4h\u00e4n ihanaan hotelliin tulemme siis taatusti uudelleen ja seuraavalla kerralla useammaksi y\u00f6ksi!<\/p>\n<figure id=\"attachment_825\" aria-describedby=\"caption-attachment-825\" style=\"width: 600px\" class=\"wp-caption alignnone\"><a href=\"https:\/\/hotellit.fi\/blogi\/wp-content\/uploads\/2015\/08\/20150707_214023_blog.jpg\"><img loading=\"lazy\" decoding=\"async\" class=\"size-full wp-image-825\" src=\"https:\/\/hotellit.fi\/blogi\/wp-content\/uploads\/2015\/08\/20150707_214023_blog.jpg\" alt=\"Renaissance Barcelona Fira Hotel kuvassa oikealla.\" width=\"600\" height=\"338\" srcset=\"https:\/\/hotellit.fi\/blogi\/wp-content\/uploads\/2015\/08\/20150707_214023_blog.jpg 600w, https:\/\/hotellit.fi\/blogi\/wp-content\/uploads\/2015\/08\/20150707_214023_blog-150x85.jpg 150w, https:\/\/hotellit.fi\/blogi\/wp-content\/uploads\/2015\/08\/20150707_214023_blog-300x169.jpg 300w\" sizes=\"auto, (max-width: 600px) 100vw, 600px\" \/><\/a><figcaption id=\"caption-attachment-825\" class=\"wp-caption-text\">Renaissance Barcelona Fira Hotel kuvassa oikealla.<\/figcaption><\/figure>\n<figure id=\"attachment_821\" aria-describedby=\"caption-attachment-821\" style=\"width: 600px\" class=\"wp-caption alignnone\"><a href=\"https:\/\/hotellit.fi\/blogi\/wp-content\/uploads\/2015\/08\/20150707_152427_blog.jpg\"><img loading=\"lazy\" decoding=\"async\" class=\"size-full wp-image-821\" src=\"https:\/\/hotellit.fi\/blogi\/wp-content\/uploads\/2015\/08\/20150707_152427_blog.jpg\" alt=\"Renaissance Barcelona Fira -hotellin aulassa oli ihana tuoksu.\" width=\"600\" height=\"338\" srcset=\"https:\/\/hotellit.fi\/blogi\/wp-content\/uploads\/2015\/08\/20150707_152427_blog.jpg 600w, https:\/\/hotellit.fi\/blogi\/wp-content\/uploads\/2015\/08\/20150707_152427_blog-150x85.jpg 150w, https:\/\/hotellit.fi\/blogi\/wp-content\/uploads\/2015\/08\/20150707_152427_blog-300x169.jpg 300w\" sizes=\"auto, (max-width: 600px) 100vw, 600px\" \/><\/a><figcaption id=\"caption-attachment-821\" class=\"wp-caption-text\">Renaissance Barcelona Fira -hotellin aulassa oli ihana tuoksu.<\/figcaption><\/figure>\n<figure id=\"attachment_819\" aria-describedby=\"caption-attachment-819\" style=\"width: 600px\" class=\"wp-caption alignnone\"><a href=\"https:\/\/hotellit.fi\/blogi\/wp-content\/uploads\/2015\/08\/20150707_153943_blog.jpg\"><img loading=\"lazy\" decoding=\"async\" class=\"size-full wp-image-819\" src=\"https:\/\/hotellit.fi\/blogi\/wp-content\/uploads\/2015\/08\/20150707_153943_blog.jpg\" alt=\"Ilmava, valkea ja valoisa kahden hengen huone.\" width=\"600\" height=\"338\" srcset=\"https:\/\/hotellit.fi\/blogi\/wp-content\/uploads\/2015\/08\/20150707_153943_blog.jpg 600w, https:\/\/hotellit.fi\/blogi\/wp-content\/uploads\/2015\/08\/20150707_153943_blog-150x85.jpg 150w, https:\/\/hotellit.fi\/blogi\/wp-content\/uploads\/2015\/08\/20150707_153943_blog-300x169.jpg 300w\" sizes=\"auto, (max-width: 600px) 100vw, 600px\" \/><\/a><figcaption id=\"caption-attachment-819\" class=\"wp-caption-text\">Ilmava, valkoinen ja valoisa kahden hengen huone.<\/figcaption><\/figure>\n<figure id=\"attachment_820\" aria-describedby=\"caption-attachment-820\" style=\"width: 600px\" class=\"wp-caption alignnone\"><a href=\"https:\/\/hotellit.fi\/blogi\/wp-content\/uploads\/2015\/08\/20150707_154846_blog.jpg\"><img loading=\"lazy\" decoding=\"async\" class=\"size-full wp-image-820\" src=\"https:\/\/hotellit.fi\/blogi\/wp-content\/uploads\/2015\/08\/20150707_154846_blog.jpg\" alt=\"Huoneen ikkuna oli sementtiin kaiverrettu taideteos.\" width=\"600\" height=\"338\" srcset=\"https:\/\/hotellit.fi\/blogi\/wp-content\/uploads\/2015\/08\/20150707_154846_blog.jpg 600w, https:\/\/hotellit.fi\/blogi\/wp-content\/uploads\/2015\/08\/20150707_154846_blog-150x85.jpg 150w, https:\/\/hotellit.fi\/blogi\/wp-content\/uploads\/2015\/08\/20150707_154846_blog-300x169.jpg 300w\" sizes=\"auto, (max-width: 600px) 100vw, 600px\" \/><\/a><figcaption id=\"caption-attachment-820\" class=\"wp-caption-text\">Huoneen ikkuna oli sementtiin kaiverrettu taideteos.<\/figcaption><\/figure>\n<figure id=\"attachment_822\" aria-describedby=\"caption-attachment-822\" style=\"width: 600px\" class=\"wp-caption alignnone\"><a href=\"https:\/\/hotellit.fi\/blogi\/wp-content\/uploads\/2015\/08\/20150707_154902_blog.jpg\"><img loading=\"lazy\" decoding=\"async\" class=\"wp-image-822 size-full\" src=\"https:\/\/hotellit.fi\/blogi\/wp-content\/uploads\/2015\/08\/20150707_154902_blog.jpg\" alt=\"20150707_154902_blog\" width=\"600\" height=\"338\" srcset=\"https:\/\/hotellit.fi\/blogi\/wp-content\/uploads\/2015\/08\/20150707_154902_blog.jpg 600w, https:\/\/hotellit.fi\/blogi\/wp-content\/uploads\/2015\/08\/20150707_154902_blog-150x85.jpg 150w, https:\/\/hotellit.fi\/blogi\/wp-content\/uploads\/2015\/08\/20150707_154902_blog-300x169.jpg 300w\" sizes=\"auto, (max-width: 600px) 100vw, 600px\" \/><\/a><figcaption id=\"caption-attachment-822\" class=\"wp-caption-text\">Kylpyhuone oli lasisein\u00e4ll\u00e4 erotettu muusta tilasta.<\/figcaption><\/figure>\n<figure id=\"attachment_824\" aria-describedby=\"caption-attachment-824\" style=\"width: 600px\" class=\"wp-caption alignnone\"><a href=\"https:\/\/hotellit.fi\/blogi\/wp-content\/uploads\/2015\/08\/20150707_163119_blog.jpg\"><img loading=\"lazy\" decoding=\"async\" class=\"size-full wp-image-824\" src=\"https:\/\/hotellit.fi\/blogi\/wp-content\/uploads\/2015\/08\/20150707_163119_blog.jpg\" alt=\"UIma-allasosasto baareineen 110 metrin korkeudella.\" width=\"600\" height=\"338\" srcset=\"https:\/\/hotellit.fi\/blogi\/wp-content\/uploads\/2015\/08\/20150707_163119_blog.jpg 600w, https:\/\/hotellit.fi\/blogi\/wp-content\/uploads\/2015\/08\/20150707_163119_blog-150x85.jpg 150w, https:\/\/hotellit.fi\/blogi\/wp-content\/uploads\/2015\/08\/20150707_163119_blog-300x169.jpg 300w\" sizes=\"auto, (max-width: 600px) 100vw, 600px\" \/><\/a><figcaption id=\"caption-attachment-824\" class=\"wp-caption-text\">UIma-allasosasto baareineen 110 metrin korkeudella.<\/figcaption><\/figure>\n<figure id=\"attachment_823\" aria-describedby=\"caption-attachment-823\" style=\"width: 600px\" class=\"wp-caption alignnone\"><a href=\"https:\/\/hotellit.fi\/blogi\/wp-content\/uploads\/2015\/08\/20150707_162636_blog.jpg\"><img loading=\"lazy\" decoding=\"async\" class=\"size-full wp-image-823\" src=\"https:\/\/hotellit.fi\/blogi\/wp-content\/uploads\/2015\/08\/20150707_162636_blog.jpg\" alt=\"Kattoterassin vierest\u00e4 l\u00f6ytyi my\u00f6s rauhallinen sis\u00e4uima-allas.\" width=\"600\" height=\"338\" srcset=\"https:\/\/hotellit.fi\/blogi\/wp-content\/uploads\/2015\/08\/20150707_162636_blog.jpg 600w, https:\/\/hotellit.fi\/blogi\/wp-content\/uploads\/2015\/08\/20150707_162636_blog-150x85.jpg 150w, https:\/\/hotellit.fi\/blogi\/wp-content\/uploads\/2015\/08\/20150707_162636_blog-300x169.jpg 300w\" sizes=\"auto, (max-width: 600px) 100vw, 600px\" \/><\/a><figcaption id=\"caption-attachment-823\" class=\"wp-caption-text\">Kattoterassin vierest\u00e4 l\u00f6ytyi my\u00f6s rauhallinen sis\u00e4uima-allas.<\/figcaption><\/figure>\n<p>Varaa Barcelonan hotellit edullisesti <a href=\"http:\/\/goo.gl\/ewuowZ\" target=\"_blank\">t\u00e4\u00e4lt\u00e4.<\/a><\/p>\n","protected":false},"excerpt":{"rendered":"<p>Kes\u00e4lomamatkamme suuntautui hein\u00e4kuussa Etel\u00e4-Espanjaan. Matkalla Costa del Solille pys\u00e4hdyimme y\u00f6ksi Barcelonaan. L\u00f6ysimme viime hetken majapaikaksemme upean hotellin, nimelt\u00e4\u00e4n\u00a0Renaissance Barcelona Fira\u00a0Hotel. Hotelli sijaitsee rauhallisella\u00a0Pla\u00e7a d&#8217;Europan alueella, ei siis aivan ydinkeskustan hulinassa, mutta hyvien kulkuyhteyksien p\u00e4\u00e4ss\u00e4 kaikkialta. Hotellissa on monia kiinnostavia yksityiskohtia: erikoinen design, valkoiset modernit huoneet ja rakennuksessa\u00a0ei ole mm. yht\u00e4\u00e4n n\u00e4kyv\u00e4\u00e4\u00a0ovenkahvaa. Mahtavat n\u00e4k\u00f6alahissit viev\u00e4t kattoterassin &hellip; <a href=\"https:\/\/hotellit.fi\/blogi\/edullinen-luksusluokan-hotelli-barcelonassa\/\" class=\"more-link\">Continue reading <span class=\"screen-reader-text\">Edullinen luksusluokan hotelli Barcelonassa<\/span> <span class=\"meta-nav\">&rarr;<\/span><\/a><\/p>\n","protected":false},"author":3,"featured_media":0,"comment_status":"open","ping_status":"closed","sticky":false,"template":"","format":"standard","meta":{"footnotes":""},"categories":[3],"tags":[],"class_list":["post-816","post","type-post","status-publish","format-standard","hentry","category-hotellit-fi-vinkit"],"_links":{"self":[{"href":"https:\/\/hotellit.fi\/blogi\/wp-json\/wp\/v2\/posts\/816","targetHints":{"allow":["GET"]}}],"collection":[{"href":"https:\/\/hotellit.fi\/blogi\/wp-json\/wp\/v2\/posts"}],"about":[{"href":"https:\/\/hotellit.fi\/blogi\/wp-json\/wp\/v2\/types\/post"}],"author":[{"embeddable":true,"href":"https:\/\/hotellit.fi\/blogi\/wp-json\/wp\/v2\/users\/3"}],"replies":[{"embeddable":true,"href":"https:\/\/hotellit.fi\/blogi\/wp-json\/wp\/v2\/comments?post=816"}],"version-history":[{"count":2,"href":"https:\/\/hotellit.fi\/blogi\/wp-json\/wp\/v2\/posts\/816\/revisions"}],"predecessor-version":[{"id":1008,"href":"https:\/\/hotellit.fi\/blogi\/wp-json\/wp\/v2\/posts\/816\/revisions\/1008"}],"wp:attachment":[{"href":"https:\/\/hotellit.fi\/blogi\/wp-json\/wp\/v2\/media?parent=816"}],"wp:term":[{"taxonomy":"category","embeddable":true,"href":"https:\/\/hotellit.fi\/blogi\/wp-json\/wp\/v2\/categories?post=816"},{"taxonomy":"post_tag","embeddable":true,"href":"https:\/\/hotellit.fi\/blogi\/wp-json\/wp\/v2\/tags?post=816"}],"curies":[{"name":"wp","href":"https:\/\/api.w.org\/{rel}","templated":true}]}}